{"id":4372,"date":"2024-10-16T13:23:24","date_gmt":"2024-10-16T11:23:24","guid":{"rendered":"https:\/\/www.living-berlin.com\/?post_type=news&#038;p=4372"},"modified":"2024-11-26T17:31:37","modified_gmt":"2024-11-26T16:31:37","slug":"bechstein-young-professionals-mihaly-berecz-live-at-living-berlin-on-october-17th","status":"publish","type":"news","link":"https:\/\/www.living-berlin.com\/en\/news\/bechstein-young-professionals-mihaly-berecz-live-at-living-berlin-on-october-17th\/","title":{"rendered":"Bechstein Young Professionals: Mih\u00e1ly Berecz live at LIVING BERLIN on October 17th"},"content":{"rendered":"<p>The \"Bechstein Young Professionals\" concert series is one of the most extraordinary concert series in the whole of Berlin - and is a firm fixture in the event calendar of the <strong>LIVING BERLIN<\/strong>:<\/p>\n\n\n\n<p>In the C. Bechstein Center's own small and modern concert \"hall\" on the 1st floor of the <strong>LIVING BERLIN<\/strong> young talents regularly play extraordinary piano concerts - in front of a maximum of 70 listeners and with free admission!<\/p>\n\n\n\n<p>The next concert will take place on <strong>October 17 at 7:30 p.m.<\/strong> will take place: Mih\u00e1ly Berecz plays works by Haydn and Beethoven for you! <\/p>\n\n\n\n<p>Register now via e-mail <a href=\"mailto:s.******@*******in.de\" data-original-string=\"kjBSJTrcr5T\/Lj7XxDiNVQ==534OH+LlS+sx6VDEeayKZ6OSoik+j+ZMHy648Xco8e2mI8=\" title=\"This contact has been encoded by Anti-Spam by CleanTalk. Click to decode. To finish the decoding make sure that JavaScript is enabled in your browser.\"><strong><span \n                data-original-string='7GbvzmhXCW2abcLShlNfyw==534ql4F8DY3zZ7MgpqSUya3qGtbjNeEKG3L0ysrUkIKjKE='\n                class='apbct-email-encoder'\n                title='This contact has been encoded by Anti-Spam by CleanTalk. Click to decode. To finish the decoding make sure that JavaScript is enabled in your browser.'>s.<span class=\"apbct-blur\">******<\/span>@<span class=\"apbct-blur\">*******<\/span>in.de<\/span><\/strong><\/a><\/p>\n\n\n\n<p><strong>About the soloist:<\/strong><br>Mih\u00e1ly Berecz, winner of the Liszt Bart\u00f3k Prize at the 15th Concours G\u00e9za Anda 2021, was born in Budapest in 1997 and began learning the violin at the age of six before devoting himself to the piano under the tutelage of Edit Major and Erzs\u00e9bet Bel\u00e1k in parallel with his work in various orchestras. He received his Bachelor of Music degree with distinction from the Royal Academy of Music in London under Christopher Elton. Mih\u00e1ly Berecz is the winner of the Debut Berlin International Concerto Competition and performed at the Berlin Philharmonie for the first time in June 2017. Other awards include the Golden Prize of the 2nd Manhattan International Music Competition and the Harriet Cohen Bach Prize of the Royal Academy of Music.<br>At the Young Euro Classic Festival 2013, he played Liszt's \"Hungarian Fantasy\" at the Konzerthaus Berlin. Also in 2013, he made his debut at the B\u00e9la Bart\u00f3k National Concert Hall in Budapest at the invitation of Zolt\u00e1n Kocsis. At the Liszt Academy, where he frequently performs, he recently played Mozart's \"Jenamy\" concerto under the direction of Mikhail Pletnev.<\/p>\n\n\n\n<p>Mih\u00e1ly's interest in historical interpretation has led to performances of fortepiano concertos with renowned orchestras that play on historical instruments, such as the Orfeo Orchestra. Between 2020 and 2022, he performed B\u00e9la Bart\u00f3k's complete solo works in eight concerts in the Marble Hall of the Hungarian Radio as part of a scholarship from the Hungarian Academy of Arts. Mih\u00e1ly had another recent success at the 2023 Kissingen Piano Olympics, where he was awarded first prize. In the 2024\/25 season, he will perform at recital series in Berlin, Brussels, B\u00f6blingen, Budapest, Esterhazy, Hamburg, London, Madrid and W\u00e4denswil as well as at festivals such as the Schleswig-Holstein Music Festival, the Mecklenburg-Vorpommern Festival and the Sommerliche Musiktage Hitzacker. Orchestras from Osnabr\u00fcck and L\u00fcbeck, the Hungarian National Philharmonic Orchestra and Concerto Budapest, the M\u00c1V Symphony Orchestra, the Istvan Symphony Orchestra and the Purcell Choir and Orfeo Orchestra have invited him to perform piano concertos for modern piano and fortepiano.<\/p>\n\n\n\n<p><strong>Program:<\/strong><br>Joseph Haydn (1732-1809)<br>Sonata in F major Hob XVI\/29&nbsp;<br>Ludwig van Beethoven (1770-1827)<br>Diabelli Variations in C major, op. 120&nbsp;<br>Limited seating capacity: 70 people<\/p>\n\n\n\n<p>The other dates of the concert series in 2024 can be found here: <br><a href=\"https:\/\/www.bechstein.com\/die-welt-von-bechstein\/hochkaraetig-und-international-die-konzerte-mit-c-bechstein\/\" target=\"_blank\" rel=\"noreferrer noopener nofollow\"><strong>https:\/\/www.bechstein.com\/die-welt-von-bechstein\/hochkaraetig-und-international-die-konzerte-mit-c-bechstein\/<\/strong><\/a><\/p>","protected":false},"author":12,"featured_media":4373,"template":"","category_news":[105],"newstag":[],"class_list":["post-4372","news","type-news","status-publish","has-post-thumbnail","hentry","category_news-event"],"yoast_head":"<!-- This site is optimized with the Yoast SEO plugin v27.5 - https:\/\/yoast.com\/product\/yoast-seo-wordpress\/ -->\n<title>Aktuelles rund ums LIVING BERLIN<\/title>\n<meta name=\"description\" content=\"Erfahren Sie die neuesten Nachrichten und Events rund ums LIVING BERLIN. Bleiben Sie informiert \u00fcber aktuelle Trends, Angebote und Highlights.\" \/>\n<meta name=\"robots\" content=\"index, follow, max-snippet:-1, max-image-preview:large, max-video-preview:-1\" \/>\n<link rel=\"canonical\" href=\"https:\/\/www.living-berlin.com\/en\/news\/bechstein-young-professionals-mihaly-berecz-live-at-living-berlin-on-october-17th\/\" \/>\n<meta property=\"og:locale\" content=\"en_US\" \/>\n<meta property=\"og:type\" content=\"article\" \/>\n<meta property=\"og:title\" content=\"Aktuelles rund ums LIVING BERLIN\" \/>\n<meta property=\"og:description\" content=\"Erfahren Sie die neuesten Nachrichten und Events rund ums LIVING BERLIN. Bleiben Sie informiert \u00fcber aktuelle Trends, Angebote und Highlights.\" \/>\n<meta property=\"og:url\" content=\"https:\/\/www.living-berlin.com\/en\/news\/bechstein-young-professionals-mihaly-berecz-live-at-living-berlin-on-october-17th\/\" \/>\n<meta property=\"og:site_name\" content=\"LIVING BERLIN\" \/>\n<meta property=\"article:publisher\" content=\"https:\/\/www.facebook.com\/Living-Berlin-100916505475436\" \/>\n<meta property=\"article:modified_time\" content=\"2024-11-26T16:31:37+00:00\" \/>\n<meta property=\"og:image\" content=\"https:\/\/www.living-berlin.com\/wp-content\/uploads\/Mihaly_Berecz_neu_featured.webp\" \/>\n\t<meta property=\"og:image:width\" content=\"1200\" \/>\n\t<meta property=\"og:image:height\" content=\"682\" \/>\n\t<meta property=\"og:image:type\" content=\"image\/webp\" \/>\n<meta name=\"twitter:card\" content=\"summary_large_image\" \/>\n<meta name=\"twitter:label1\" content=\"Est. reading time\" \/>\n\t<meta name=\"twitter:data1\" content=\"3 minutes\" \/>\n<script type=\"application\/ld+json\" class=\"yoast-schema-graph\">{\"@context\":\"https:\\\/\\\/schema.org\",\"@graph\":[{\"@type\":\"WebPage\",\"@id\":\"https:\\\/\\\/www.living-berlin.com\\\/news\\\/bechstein-young-professionals-mihaly-berecz-am-17-oktober-live-im-living-berlin\\\/\",\"url\":\"https:\\\/\\\/www.living-berlin.com\\\/news\\\/bechstein-young-professionals-mihaly-berecz-am-17-oktober-live-im-living-berlin\\\/\",\"name\":\"Aktuelles rund ums LIVING BERLIN\",\"isPartOf\":{\"@id\":\"https:\\\/\\\/www.living-berlin.com\\\/#website\"},\"primaryImageOfPage\":{\"@id\":\"https:\\\/\\\/www.living-berlin.com\\\/news\\\/bechstein-young-professionals-mihaly-berecz-am-17-oktober-live-im-living-berlin\\\/#primaryimage\"},\"image\":{\"@id\":\"https:\\\/\\\/www.living-berlin.com\\\/news\\\/bechstein-young-professionals-mihaly-berecz-am-17-oktober-live-im-living-berlin\\\/#primaryimage\"},\"thumbnailUrl\":\"https:\\\/\\\/www.living-berlin.com\\\/wp-content\\\/uploads\\\/Mihaly_Berecz_neu_featured.webp\",\"datePublished\":\"2024-10-16T11:23:24+00:00\",\"dateModified\":\"2024-11-26T16:31:37+00:00\",\"description\":\"Erfahren Sie die neuesten Nachrichten und Events rund ums LIVING BERLIN. Bleiben Sie informiert \u00fcber aktuelle Trends, Angebote und Highlights.\",\"breadcrumb\":{\"@id\":\"https:\\\/\\\/www.living-berlin.com\\\/news\\\/bechstein-young-professionals-mihaly-berecz-am-17-oktober-live-im-living-berlin\\\/#breadcrumb\"},\"inLanguage\":\"en-US\",\"potentialAction\":[{\"@type\":\"ReadAction\",\"target\":[\"https:\\\/\\\/www.living-berlin.com\\\/news\\\/bechstein-young-professionals-mihaly-berecz-am-17-oktober-live-im-living-berlin\\\/\"]}]},{\"@type\":\"ImageObject\",\"inLanguage\":\"en-US\",\"@id\":\"https:\\\/\\\/www.living-berlin.com\\\/news\\\/bechstein-young-professionals-mihaly-berecz-am-17-oktober-live-im-living-berlin\\\/#primaryimage\",\"url\":\"https:\\\/\\\/www.living-berlin.com\\\/wp-content\\\/uploads\\\/Mihaly_Berecz_neu_featured.webp\",\"contentUrl\":\"https:\\\/\\\/www.living-berlin.com\\\/wp-content\\\/uploads\\\/Mihaly_Berecz_neu_featured.webp\",\"width\":1200,\"height\":682,\"caption\":\"Mihaly Berecz neu featured\"},{\"@type\":\"BreadcrumbList\",\"@id\":\"https:\\\/\\\/www.living-berlin.com\\\/news\\\/bechstein-young-professionals-mihaly-berecz-am-17-oktober-live-im-living-berlin\\\/#breadcrumb\",\"itemListElement\":[{\"@type\":\"ListItem\",\"position\":1,\"name\":\"Home\",\"item\":\"https:\\\/\\\/www.living-berlin.com\\\/\"},{\"@type\":\"ListItem\",\"position\":2,\"name\":\"Bechstein Young Professionals: Mih\u00e1ly Berecz am 17. Oktober live im LIVING BERLIN\"}]},{\"@type\":\"WebSite\",\"@id\":\"https:\\\/\\\/www.living-berlin.com\\\/#website\",\"url\":\"https:\\\/\\\/www.living-berlin.com\\\/\",\"name\":\"LIVING BERLIN\",\"description\":\"HOME OF INTERIOR DREAMS\",\"publisher\":{\"@id\":\"https:\\\/\\\/www.living-berlin.com\\\/#organization\"},\"alternateName\":\"Living Berlin\",\"potentialAction\":[{\"@type\":\"SearchAction\",\"target\":{\"@type\":\"EntryPoint\",\"urlTemplate\":\"https:\\\/\\\/www.living-berlin.com\\\/?s={search_term_string}\"},\"query-input\":{\"@type\":\"PropertyValueSpecification\",\"valueRequired\":true,\"valueName\":\"search_term_string\"}}],\"inLanguage\":\"en-US\"},{\"@type\":\"Organization\",\"@id\":\"https:\\\/\\\/www.living-berlin.com\\\/#organization\",\"name\":\"LIVING BERLIN\",\"alternateName\":[\"LIVING BERLIN\",\"Living Berlin\",\"Living Berlin - Home of Interior Dreams\",\"LIVING BERLIN \u2013 25 YEARS HOME OF INTERIOR DREAMS\"],\"url\":\"https:\\\/\\\/www.living-berlin.com\\\/\",\"logo\":{\"@type\":\"ImageObject\",\"inLanguage\":\"en-US\",\"@id\":\"https:\\\/\\\/www.living-berlin.com\\\/#\\\/schema\\\/logo\\\/image\\\/\",\"url\":\"https:\\\/\\\/www.living-berlin.com\\\/wp-content\\\/uploads\\\/logo_alt.svg\",\"contentUrl\":\"https:\\\/\\\/www.living-berlin.com\\\/wp-content\\\/uploads\\\/logo_alt.svg\",\"width\":83,\"height\":84,\"caption\":\"LIVING BERLIN\"},\"image\":{\"@id\":\"https:\\\/\\\/www.living-berlin.com\\\/#\\\/schema\\\/logo\\\/image\\\/\"},\"sameAs\":[\"https:\\\/\\\/www.facebook.com\\\/Living-Berlin-100916505475436\",\"https:\\\/\\\/www.instagram.com\\\/livingberlincom\\\/\",\"https:\\\/\\\/www.pinterest.co.uk\\\/LivingBerlin\\\/\",\"https:\\\/\\\/www.linkedin.com\\\/company\\\/living-berlin\\\/\"]}]}<\/script>\n<!-- \/ Yoast SEO plugin. -->","yoast_head_json":{"title":"News about LIVING BERLIN","description":"Get the latest news and events about LIVING BERLIN and stay informed about current trends, offers and highlights.","robots":{"index":"index","follow":"follow","max-snippet":"max-snippet:-1","max-image-preview":"max-image-preview:large","max-video-preview":"max-video-preview:-1"},"canonical":"https:\/\/www.living-berlin.com\/en\/news\/bechstein-young-professionals-mihaly-berecz-live-at-living-berlin-on-october-17th\/","og_locale":"en_US","og_type":"article","og_title":"Aktuelles rund ums LIVING BERLIN","og_description":"Erfahren Sie die neuesten Nachrichten und Events rund ums LIVING BERLIN. Bleiben Sie informiert \u00fcber aktuelle Trends, Angebote und Highlights.","og_url":"https:\/\/www.living-berlin.com\/en\/news\/bechstein-young-professionals-mihaly-berecz-live-at-living-berlin-on-october-17th\/","og_site_name":"LIVING BERLIN","article_publisher":"https:\/\/www.facebook.com\/Living-Berlin-100916505475436","article_modified_time":"2024-11-26T16:31:37+00:00","og_image":[{"width":1200,"height":682,"url":"https:\/\/www.living-berlin.com\/wp-content\/uploads\/Mihaly_Berecz_neu_featured.webp","type":"image\/webp"}],"twitter_card":"summary_large_image","twitter_misc":{"Est. reading time":"3 minutes"},"schema":{"@context":"https:\/\/schema.org","@graph":[{"@type":"WebPage","@id":"https:\/\/www.living-berlin.com\/news\/bechstein-young-professionals-mihaly-berecz-am-17-oktober-live-im-living-berlin\/","url":"https:\/\/www.living-berlin.com\/news\/bechstein-young-professionals-mihaly-berecz-am-17-oktober-live-im-living-berlin\/","name":"News about LIVING BERLIN","isPartOf":{"@id":"https:\/\/www.living-berlin.com\/#website"},"primaryImageOfPage":{"@id":"https:\/\/www.living-berlin.com\/news\/bechstein-young-professionals-mihaly-berecz-am-17-oktober-live-im-living-berlin\/#primaryimage"},"image":{"@id":"https:\/\/www.living-berlin.com\/news\/bechstein-young-professionals-mihaly-berecz-am-17-oktober-live-im-living-berlin\/#primaryimage"},"thumbnailUrl":"https:\/\/www.living-berlin.com\/wp-content\/uploads\/Mihaly_Berecz_neu_featured.webp","datePublished":"2024-10-16T11:23:24+00:00","dateModified":"2024-11-26T16:31:37+00:00","description":"Get the latest news and events about LIVING BERLIN and stay informed about current trends, offers and highlights.","breadcrumb":{"@id":"https:\/\/www.living-berlin.com\/news\/bechstein-young-professionals-mihaly-berecz-am-17-oktober-live-im-living-berlin\/#breadcrumb"},"inLanguage":"en-US","potentialAction":[{"@type":"ReadAction","target":["https:\/\/www.living-berlin.com\/news\/bechstein-young-professionals-mihaly-berecz-am-17-oktober-live-im-living-berlin\/"]}]},{"@type":"ImageObject","inLanguage":"en-US","@id":"https:\/\/www.living-berlin.com\/news\/bechstein-young-professionals-mihaly-berecz-am-17-oktober-live-im-living-berlin\/#primaryimage","url":"https:\/\/www.living-berlin.com\/wp-content\/uploads\/Mihaly_Berecz_neu_featured.webp","contentUrl":"https:\/\/www.living-berlin.com\/wp-content\/uploads\/Mihaly_Berecz_neu_featured.webp","width":1200,"height":682,"caption":"Mihaly Berecz neu featured"},{"@type":"BreadcrumbList","@id":"https:\/\/www.living-berlin.com\/news\/bechstein-young-professionals-mihaly-berecz-am-17-oktober-live-im-living-berlin\/#breadcrumb","itemListElement":[{"@type":"ListItem","position":1,"name":"Home","item":"https:\/\/www.living-berlin.com\/"},{"@type":"ListItem","position":2,"name":"Bechstein Young Professionals: Mih\u00e1ly Berecz am 17. Oktober live im LIVING BERLIN"}]},{"@type":"WebSite","@id":"https:\/\/www.living-berlin.com\/#website","url":"https:\/\/www.living-berlin.com\/","name":"LIVING BERLIN","description":"HOME OF INTERIOR DREAMS","publisher":{"@id":"https:\/\/www.living-berlin.com\/#organization"},"alternateName":"Living Berlin","potentialAction":[{"@type":"SearchAction","target":{"@type":"EntryPoint","urlTemplate":"https:\/\/www.living-berlin.com\/?s={search_term_string}"},"query-input":{"@type":"PropertyValueSpecification","valueRequired":true,"valueName":"search_term_string"}}],"inLanguage":"en-US"},{"@type":"Organization","@id":"https:\/\/www.living-berlin.com\/#organization","name":"LIVING BERLIN","alternateName":["LIVING BERLIN","Living Berlin","Living Berlin - Home of Interior Dreams","LIVING BERLIN \u2013 25 YEARS HOME OF INTERIOR DREAMS"],"url":"https:\/\/www.living-berlin.com\/","logo":{"@type":"ImageObject","inLanguage":"en-US","@id":"https:\/\/www.living-berlin.com\/#\/schema\/logo\/image\/","url":"https:\/\/www.living-berlin.com\/wp-content\/uploads\/logo_alt.svg","contentUrl":"https:\/\/www.living-berlin.com\/wp-content\/uploads\/logo_alt.svg","width":83,"height":84,"caption":"LIVING BERLIN"},"image":{"@id":"https:\/\/www.living-berlin.com\/#\/schema\/logo\/image\/"},"sameAs":["https:\/\/www.facebook.com\/Living-Berlin-100916505475436","https:\/\/www.instagram.com\/livingberlincom\/","https:\/\/www.pinterest.co.uk\/LivingBerlin\/","https:\/\/www.linkedin.com\/company\/living-berlin\/"]}]}},"acf":[],"_links":{"self":[{"href":"https:\/\/www.living-berlin.com\/en\/wp-json\/wp\/v2\/news\/4372","targetHints":{"allow":["GET"]}}],"collection":[{"href":"https:\/\/www.living-berlin.com\/en\/wp-json\/wp\/v2\/news"}],"about":[{"href":"https:\/\/www.living-berlin.com\/en\/wp-json\/wp\/v2\/types\/news"}],"author":[{"embeddable":true,"href":"https:\/\/www.living-berlin.com\/en\/wp-json\/wp\/v2\/users\/12"}],"wp:featuredmedia":[{"embeddable":true,"href":"https:\/\/www.living-berlin.com\/en\/wp-json\/wp\/v2\/media\/4373"}],"wp:attachment":[{"href":"https:\/\/www.living-berlin.com\/en\/wp-json\/wp\/v2\/media?parent=4372"}],"wp:term":[{"taxonomy":"category_news","embeddable":true,"href":"https:\/\/www.living-berlin.com\/en\/wp-json\/wp\/v2\/category_news?post=4372"},{"taxonomy":"newstag","embeddable":true,"href":"https:\/\/www.living-berlin.com\/en\/wp-json\/wp\/v2\/newstag?post=4372"}],"curies":[{"name":"wp","href":"https:\/\/api.w.org\/{rel}","templated":true}]}}