{"id":4856,"date":"2025-02-06T12:42:45","date_gmt":"2025-02-06T11:42:45","guid":{"rendered":"https:\/\/www.living-berlin.com\/?post_type=news&#038;p=4856"},"modified":"2025-09-02T09:57:07","modified_gmt":"2025-09-02T07:57:07","slug":"bechstein-young-professionals-13-february-2025-1930-hrs-chong-wang","status":"publish","type":"news","link":"https:\/\/www.living-berlin.com\/en\/news\/bechstein-young-professionals-13-february-2025-1930-hrs-chong-wang\/","title":{"rendered":"Bechstein Young Professionals - February 13, 2025, 7:30 pm: Chong Wang"},"content":{"rendered":"<p>Bechstein Young Professionals is perhaps the most unique concert series in the city - and that may mean something in Berlin, but we don't promise too much: because at the concert series in the private concert hall for up to 70 listeners at the C. Bechstein Centrum in LIVING BERLIN (1st floor), international young pianists play a concert for you free of charge.<\/p>\n\n\n\n<h2 class=\"wp-block-heading\">February 13, 2025, 7:30 pm: Chong Wang<\/h2>\n\n\n\n<p><\/p>\n\n\n\n<p>On Thursday, February 13, 2025 at 7:30 pm, the young pianist Chong Wang will present works by Chopin, Ginastera and Scarlatti at the C. Bechstein Centrum Berlin.<\/p>\n\n\n\n<p>Wang Chong, born in 1999 in Qingdao, Shandong, began playing the piano at the age of five. In 2016, she began her studies at the Hanover University of Music, Drama and Media, where she first completed her Bachelor's and Master's degrees in the class of Professor Bernd Goetzke and then passed her concert exam. In 2023, she continued her studies at the University of the Arts with Professor Markus Groh.<\/p>\n\n\n\n<p>In addition to her studies, she is pursuing her artistic career and has won numerous national and international competitions, including prizes at the San Sebasti\u00e1n International Piano Competition (Spain 2017), the Merci Maestro International Piano Competition (Belgium 2017), the EPTA Competition (Belgium 2018), the Arthur Rubinstein in Memoriam International Piano Competition (Poland 2018) and the Turnbridge Wells International Piano Competition (United Kingdom 2024). Wang Chong has worked with renowned orchestras including the China Philharmonic Orchestra, the Beijing International Symphony Orchestra, the Guangzhou Symphony Orchestra, the Bydgoscz Philharmonic Orchestra and the Toru\u0144 Symphony Orchestra in Poland. Her artistic activities have been mentioned in leading media, including the \"Frankfurter Allgemeine Zeitung\" from Germany and the \"Guangzhou Daily\" from China.<\/p>\n\n\n\n<p><strong>Program:<\/strong>\u00a0<\/p>\n\n\n\n<p>1 Domenico Scarlatti (1685-1757):<br>Sonata in D minor K 9<br>Sonata in D minor K 141\u00a0<\/p>\n\n\n\n<p>2 Fr\u00e9d\u00e9ric Chopin (1810-1849):<br>24 Pr\u00e9ludes op. 28\u00a0<\/p>\n\n\n\n<p>3. Alberto Ginastera (1916-1983):<br>Piano Sonata No. 1 op. 22<\/p>\n\n\n\n<p><\/p>\n\n\n\n<p>Photo: \u00a9 Fotostudio Tong, Beijing.<\/p>\n\n\n\n<p><strong>Registration under: <a href=\"mailto:s.******@*******in.de\" data-original-string=\"\/9BEswafw3nRSPKwONM3MQ==534pxQvKJolt7fJa6cwdQbjKLGq4H8bCJsWO3dbsGsIRmM=\" title=\"This contact has been encoded by Anti-Spam by CleanTalk. Click to decode. To finish the decoding make sure that JavaScript is enabled in your browser.\"><span \n                data-original-string='6sI6QA1B4NcUVww2v5zMRQ==534QQjs0\/uOz1EcIGdfwU6YsC8GCdDBGu8wbnaz6abFydA='\n                class='apbct-email-encoder'\n                title='This contact has been encoded by Anti-Spam by CleanTalk. Click to decode. To finish the decoding make sure that JavaScript is enabled in your browser.'>s.<span class=\"apbct-blur\">******<\/span>@<span class=\"apbct-blur\">*******<\/span>in.de<\/span><\/a><\/strong><br>Limited seating capacity: 70 people.<br>Free admission.<\/p>","protected":false},"author":12,"featured_media":5987,"template":"","category_news":[105],"newstag":[],"class_list":["post-4856","news","type-news","status-publish","has-post-thumbnail","hentry","category_news-event"],"yoast_head":"<!-- This site is optimized with the Yoast SEO plugin v27.5 - https:\/\/yoast.com\/product\/yoast-seo-wordpress\/ -->\n<title>Aktuelles rund ums LIVING BERLIN<\/title>\n<meta name=\"description\" content=\"Erfahren Sie die neuesten Nachrichten und Events rund ums LIVING BERLIN. Bleiben Sie informiert \u00fcber aktuelle Trends, Angebote und Highlights.\" \/>\n<meta name=\"robots\" content=\"index, follow, max-snippet:-1, max-image-preview:large, max-video-preview:-1\" \/>\n<link rel=\"canonical\" href=\"https:\/\/www.living-berlin.com\/en\/news\/bechstein-young-professionals-13-february-2025-1930-hrs-chong-wang\/\" \/>\n<meta property=\"og:locale\" content=\"en_US\" \/>\n<meta property=\"og:type\" content=\"article\" \/>\n<meta property=\"og:title\" content=\"Aktuelles rund ums LIVING BERLIN\" \/>\n<meta property=\"og:description\" content=\"Erfahren Sie die neuesten Nachrichten und Events rund ums LIVING BERLIN. Bleiben Sie informiert \u00fcber aktuelle Trends, Angebote und Highlights.\" \/>\n<meta property=\"og:url\" content=\"https:\/\/www.living-berlin.com\/en\/news\/bechstein-young-professionals-13-february-2025-1930-hrs-chong-wang\/\" \/>\n<meta property=\"og:site_name\" content=\"LIVING BERLIN\" \/>\n<meta property=\"article:publisher\" content=\"https:\/\/www.facebook.com\/Living-Berlin-100916505475436\" \/>\n<meta property=\"article:modified_time\" content=\"2025-09-02T07:57:07+00:00\" \/>\n<meta property=\"og:image\" content=\"https:\/\/www.living-berlin.com\/wp-content\/uploads\/2025-01-16-vorschaubild-newsbeitrag-BB-Event-\u2013-1-1-1.png\" \/>\n\t<meta property=\"og:image:width\" content=\"1200\" \/>\n\t<meta property=\"og:image:height\" content=\"675\" \/>\n\t<meta property=\"og:image:type\" content=\"image\/png\" \/>\n<meta name=\"twitter:card\" content=\"summary_large_image\" \/>\n<meta name=\"twitter:label1\" content=\"Est. reading time\" \/>\n\t<meta name=\"twitter:data1\" content=\"2 minutes\" \/>\n<script type=\"application\/ld+json\" class=\"yoast-schema-graph\">{\"@context\":\"https:\\\/\\\/schema.org\",\"@graph\":[{\"@type\":\"WebPage\",\"@id\":\"https:\\\/\\\/www.living-berlin.com\\\/news\\\/bechstein-young-professionals-13-februar-2025-1930-uhr-chong-wang\\\/\",\"url\":\"https:\\\/\\\/www.living-berlin.com\\\/news\\\/bechstein-young-professionals-13-februar-2025-1930-uhr-chong-wang\\\/\",\"name\":\"Aktuelles rund ums LIVING BERLIN\",\"isPartOf\":{\"@id\":\"https:\\\/\\\/www.living-berlin.com\\\/#website\"},\"primaryImageOfPage\":{\"@id\":\"https:\\\/\\\/www.living-berlin.com\\\/news\\\/bechstein-young-professionals-13-februar-2025-1930-uhr-chong-wang\\\/#primaryimage\"},\"image\":{\"@id\":\"https:\\\/\\\/www.living-berlin.com\\\/news\\\/bechstein-young-professionals-13-februar-2025-1930-uhr-chong-wang\\\/#primaryimage\"},\"thumbnailUrl\":\"https:\\\/\\\/www.living-berlin.com\\\/wp-content\\\/uploads\\\/2025-01-16-vorschaubild-newsbeitrag-BB-Event-\u2013-1-1-1.png\",\"datePublished\":\"2025-02-06T11:42:45+00:00\",\"dateModified\":\"2025-09-02T07:57:07+00:00\",\"description\":\"Erfahren Sie die neuesten Nachrichten und Events rund ums LIVING BERLIN. Bleiben Sie informiert \u00fcber aktuelle Trends, Angebote und Highlights.\",\"breadcrumb\":{\"@id\":\"https:\\\/\\\/www.living-berlin.com\\\/news\\\/bechstein-young-professionals-13-februar-2025-1930-uhr-chong-wang\\\/#breadcrumb\"},\"inLanguage\":\"en-US\",\"potentialAction\":[{\"@type\":\"ReadAction\",\"target\":[\"https:\\\/\\\/www.living-berlin.com\\\/news\\\/bechstein-young-professionals-13-februar-2025-1930-uhr-chong-wang\\\/\"]}]},{\"@type\":\"ImageObject\",\"inLanguage\":\"en-US\",\"@id\":\"https:\\\/\\\/www.living-berlin.com\\\/news\\\/bechstein-young-professionals-13-februar-2025-1930-uhr-chong-wang\\\/#primaryimage\",\"url\":\"https:\\\/\\\/www.living-berlin.com\\\/wp-content\\\/uploads\\\/2025-01-16-vorschaubild-newsbeitrag-BB-Event-\u2013-1-1-1.png\",\"contentUrl\":\"https:\\\/\\\/www.living-berlin.com\\\/wp-content\\\/uploads\\\/2025-01-16-vorschaubild-newsbeitrag-BB-Event-\u2013-1-1-1.png\",\"width\":1200,\"height\":675,\"caption\":\"2025 01 16 vorschaubild newsbeitrag BB Event \u2013 1 1\"},{\"@type\":\"BreadcrumbList\",\"@id\":\"https:\\\/\\\/www.living-berlin.com\\\/news\\\/bechstein-young-professionals-13-februar-2025-1930-uhr-chong-wang\\\/#breadcrumb\",\"itemListElement\":[{\"@type\":\"ListItem\",\"position\":1,\"name\":\"Home\",\"item\":\"https:\\\/\\\/www.living-berlin.com\\\/\"},{\"@type\":\"ListItem\",\"position\":2,\"name\":\"Bechstein Young Professionals &#8211; 13. Februar 2025, 19:30 Uhr: Chong Wang\"}]},{\"@type\":\"WebSite\",\"@id\":\"https:\\\/\\\/www.living-berlin.com\\\/#website\",\"url\":\"https:\\\/\\\/www.living-berlin.com\\\/\",\"name\":\"LIVING BERLIN\",\"description\":\"HOME OF INTERIOR DREAMS\",\"publisher\":{\"@id\":\"https:\\\/\\\/www.living-berlin.com\\\/#organization\"},\"alternateName\":\"Living Berlin\",\"potentialAction\":[{\"@type\":\"SearchAction\",\"target\":{\"@type\":\"EntryPoint\",\"urlTemplate\":\"https:\\\/\\\/www.living-berlin.com\\\/?s={search_term_string}\"},\"query-input\":{\"@type\":\"PropertyValueSpecification\",\"valueRequired\":true,\"valueName\":\"search_term_string\"}}],\"inLanguage\":\"en-US\"},{\"@type\":\"Organization\",\"@id\":\"https:\\\/\\\/www.living-berlin.com\\\/#organization\",\"name\":\"LIVING BERLIN\",\"alternateName\":[\"LIVING BERLIN\",\"Living Berlin\",\"Living Berlin - Home of Interior Dreams\",\"LIVING BERLIN \u2013 25 YEARS HOME OF INTERIOR DREAMS\"],\"url\":\"https:\\\/\\\/www.living-berlin.com\\\/\",\"logo\":{\"@type\":\"ImageObject\",\"inLanguage\":\"en-US\",\"@id\":\"https:\\\/\\\/www.living-berlin.com\\\/#\\\/schema\\\/logo\\\/image\\\/\",\"url\":\"https:\\\/\\\/www.living-berlin.com\\\/wp-content\\\/uploads\\\/logo_alt.svg\",\"contentUrl\":\"https:\\\/\\\/www.living-berlin.com\\\/wp-content\\\/uploads\\\/logo_alt.svg\",\"width\":83,\"height\":84,\"caption\":\"LIVING BERLIN\"},\"image\":{\"@id\":\"https:\\\/\\\/www.living-berlin.com\\\/#\\\/schema\\\/logo\\\/image\\\/\"},\"sameAs\":[\"https:\\\/\\\/www.facebook.com\\\/Living-Berlin-100916505475436\",\"https:\\\/\\\/www.instagram.com\\\/livingberlincom\\\/\",\"https:\\\/\\\/www.pinterest.co.uk\\\/LivingBerlin\\\/\",\"https:\\\/\\\/www.linkedin.com\\\/company\\\/living-berlin\\\/\"]}]}<\/script>\n<!-- \/ Yoast SEO plugin. -->","yoast_head_json":{"title":"News about LIVING BERLIN","description":"Get the latest news and events about LIVING BERLIN and stay informed about current trends, offers and highlights.","robots":{"index":"index","follow":"follow","max-snippet":"max-snippet:-1","max-image-preview":"max-image-preview:large","max-video-preview":"max-video-preview:-1"},"canonical":"https:\/\/www.living-berlin.com\/en\/news\/bechstein-young-professionals-13-february-2025-1930-hrs-chong-wang\/","og_locale":"en_US","og_type":"article","og_title":"Aktuelles rund ums LIVING BERLIN","og_description":"Erfahren Sie die neuesten Nachrichten und Events rund ums LIVING BERLIN. Bleiben Sie informiert \u00fcber aktuelle Trends, Angebote und Highlights.","og_url":"https:\/\/www.living-berlin.com\/en\/news\/bechstein-young-professionals-13-february-2025-1930-hrs-chong-wang\/","og_site_name":"LIVING BERLIN","article_publisher":"https:\/\/www.facebook.com\/Living-Berlin-100916505475436","article_modified_time":"2025-09-02T07:57:07+00:00","og_image":[{"width":1200,"height":675,"url":"https:\/\/www.living-berlin.com\/wp-content\/uploads\/2025-01-16-vorschaubild-newsbeitrag-BB-Event-\u2013-1-1-1.png","type":"image\/png"}],"twitter_card":"summary_large_image","twitter_misc":{"Est. reading time":"2 minutes"},"schema":{"@context":"https:\/\/schema.org","@graph":[{"@type":"WebPage","@id":"https:\/\/www.living-berlin.com\/news\/bechstein-young-professionals-13-februar-2025-1930-uhr-chong-wang\/","url":"https:\/\/www.living-berlin.com\/news\/bechstein-young-professionals-13-februar-2025-1930-uhr-chong-wang\/","name":"News about LIVING BERLIN","isPartOf":{"@id":"https:\/\/www.living-berlin.com\/#website"},"primaryImageOfPage":{"@id":"https:\/\/www.living-berlin.com\/news\/bechstein-young-professionals-13-februar-2025-1930-uhr-chong-wang\/#primaryimage"},"image":{"@id":"https:\/\/www.living-berlin.com\/news\/bechstein-young-professionals-13-februar-2025-1930-uhr-chong-wang\/#primaryimage"},"thumbnailUrl":"https:\/\/www.living-berlin.com\/wp-content\/uploads\/2025-01-16-vorschaubild-newsbeitrag-BB-Event-\u2013-1-1-1.png","datePublished":"2025-02-06T11:42:45+00:00","dateModified":"2025-09-02T07:57:07+00:00","description":"Get the latest news and events about LIVING BERLIN and stay informed about current trends, offers and highlights.","breadcrumb":{"@id":"https:\/\/www.living-berlin.com\/news\/bechstein-young-professionals-13-februar-2025-1930-uhr-chong-wang\/#breadcrumb"},"inLanguage":"en-US","potentialAction":[{"@type":"ReadAction","target":["https:\/\/www.living-berlin.com\/news\/bechstein-young-professionals-13-februar-2025-1930-uhr-chong-wang\/"]}]},{"@type":"ImageObject","inLanguage":"en-US","@id":"https:\/\/www.living-berlin.com\/news\/bechstein-young-professionals-13-februar-2025-1930-uhr-chong-wang\/#primaryimage","url":"https:\/\/www.living-berlin.com\/wp-content\/uploads\/2025-01-16-vorschaubild-newsbeitrag-BB-Event-\u2013-1-1-1.png","contentUrl":"https:\/\/www.living-berlin.com\/wp-content\/uploads\/2025-01-16-vorschaubild-newsbeitrag-BB-Event-\u2013-1-1-1.png","width":1200,"height":675,"caption":"2025 01 16 vorschaubild newsbeitrag BB Event \u2013 1 1"},{"@type":"BreadcrumbList","@id":"https:\/\/www.living-berlin.com\/news\/bechstein-young-professionals-13-februar-2025-1930-uhr-chong-wang\/#breadcrumb","itemListElement":[{"@type":"ListItem","position":1,"name":"Home","item":"https:\/\/www.living-berlin.com\/"},{"@type":"ListItem","position":2,"name":"Bechstein Young Professionals &#8211; 13. Februar 2025, 19:30 Uhr: Chong Wang"}]},{"@type":"WebSite","@id":"https:\/\/www.living-berlin.com\/#website","url":"https:\/\/www.living-berlin.com\/","name":"LIVING BERLIN","description":"HOME OF INTERIOR DREAMS","publisher":{"@id":"https:\/\/www.living-berlin.com\/#organization"},"alternateName":"Living Berlin","potentialAction":[{"@type":"SearchAction","target":{"@type":"EntryPoint","urlTemplate":"https:\/\/www.living-berlin.com\/?s={search_term_string}"},"query-input":{"@type":"PropertyValueSpecification","valueRequired":true,"valueName":"search_term_string"}}],"inLanguage":"en-US"},{"@type":"Organization","@id":"https:\/\/www.living-berlin.com\/#organization","name":"LIVING BERLIN","alternateName":["LIVING BERLIN","Living Berlin","Living Berlin - Home of Interior Dreams","LIVING BERLIN \u2013 25 YEARS HOME OF INTERIOR DREAMS"],"url":"https:\/\/www.living-berlin.com\/","logo":{"@type":"ImageObject","inLanguage":"en-US","@id":"https:\/\/www.living-berlin.com\/#\/schema\/logo\/image\/","url":"https:\/\/www.living-berlin.com\/wp-content\/uploads\/logo_alt.svg","contentUrl":"https:\/\/www.living-berlin.com\/wp-content\/uploads\/logo_alt.svg","width":83,"height":84,"caption":"LIVING BERLIN"},"image":{"@id":"https:\/\/www.living-berlin.com\/#\/schema\/logo\/image\/"},"sameAs":["https:\/\/www.facebook.com\/Living-Berlin-100916505475436","https:\/\/www.instagram.com\/livingberlincom\/","https:\/\/www.pinterest.co.uk\/LivingBerlin\/","https:\/\/www.linkedin.com\/company\/living-berlin\/"]}]}},"acf":[],"_links":{"self":[{"href":"https:\/\/www.living-berlin.com\/en\/wp-json\/wp\/v2\/news\/4856","targetHints":{"allow":["GET"]}}],"collection":[{"href":"https:\/\/www.living-berlin.com\/en\/wp-json\/wp\/v2\/news"}],"about":[{"href":"https:\/\/www.living-berlin.com\/en\/wp-json\/wp\/v2\/types\/news"}],"author":[{"embeddable":true,"href":"https:\/\/www.living-berlin.com\/en\/wp-json\/wp\/v2\/users\/12"}],"wp:featuredmedia":[{"embeddable":true,"href":"https:\/\/www.living-berlin.com\/en\/wp-json\/wp\/v2\/media\/5987"}],"wp:attachment":[{"href":"https:\/\/www.living-berlin.com\/en\/wp-json\/wp\/v2\/media?parent=4856"}],"wp:term":[{"taxonomy":"category_news","embeddable":true,"href":"https:\/\/www.living-berlin.com\/en\/wp-json\/wp\/v2\/category_news?post=4856"},{"taxonomy":"newstag","embeddable":true,"href":"https:\/\/www.living-berlin.com\/en\/wp-json\/wp\/v2\/newstag?post=4856"}],"curies":[{"name":"wp","href":"https:\/\/api.w.org\/{rel}","templated":true}]}}