{"id":5084,"date":"2025-03-27T19:07:03","date_gmt":"2025-03-27T18:07:03","guid":{"rendered":"https:\/\/www.living-berlin.com\/?post_type=news&#038;p=5084"},"modified":"2025-09-02T10:16:41","modified_gmt":"2025-09-02T08:16:41","slug":"bechstein-young-professionals-03-april-2025-1930-hrs-sonja-kowollik","status":"publish","type":"news","link":"https:\/\/www.living-berlin.com\/en\/news\/bechstein-young-professionals-03-april-2025-1930-hrs-sonja-kowollik\/","title":{"rendered":"Bechstein Young Professionals - April 03, 2025, 7:30 pm: Sonja Kowollik"},"content":{"rendered":"<p>Bechstein Young Professionals is perhaps the most unique concert series in the city - and that may mean something in Berlin, but we don't promise too much: because at the concert series in the private concert hall for up to 70 listeners at the C. Bechstein Centrum in LIVING BERLIN (1st floor), international young pianists play a concert for you free of charge.<\/p>\n\n\n\n<h2 class=\"wp-block-heading\">April 03, 2025, 7:30 pm: Sonja Kowollik<\/h2>\n\n\n\n<p>On Thursday, April 3, 2025 at 7:30 pm, the young pianist Sonja Kowollik will present works by Schumann, Prokofiev and Szymanowski at the C. Bechstein Centrum Berlin.<\/p>\n\n\n\n<p><\/p>\n\n\n\n<p>Sonja Kowollik, born in Bottrop in 2001, received her first piano lessons at the age of five and became a junior student at the M\u00fcnster Youth Academy with Thomas Reckmann and Michael Keller at the age of nine. She then studied with Claudio Mart\u00ednez Mehner and Nina Tichman in Cologne and with Matti Raekallio in Helsinki. She is currently studying in Eldar Nebolsin's class at the Hanns Eisler School of Music in Berlin.<\/p>\n\n\n\n<p>Sonja has received numerous awards, including the GWK Music Prize 2021, the International Bacewicz Prize 2022 and first prizes at the national Jugend musiziert competition. At the Schleswig-Holstein Music Festival 2017, she impressed the jury with \"her balanced touch, keen sense of musical line and sympathetic aplomb\" and received the Sparkassen-Finanzgruppe Sponsorship Award. She was awarded the first Menahem Pressler Scholarship at the Oxford Piano Festival 2023. As an enthusiastic and sought-after chamber musician, Sonja has also received numerous awards, including the Beethoven Bonnensis Prize.<\/p>\n\n\n\n<p>She has been invited to perform at the Beethovenfest Bonn, the Encuentro de Santander, the Schleswig-Holstein Music Festival as well as at the Cologne Philharmonie, the Laeiszhalle Hamburg, the Tonhalle D\u00fcsseldorf and Schloss Bellevue. As a soloist, she has performed with the M\u00fcnster Symphony Orchestra, the Camerata Hungarica, the Ruhrstadt Orchestra and the Collegium Musicum M\u00fcnster, among others. She has also performed in other European countries, Japan, Australia and India. Sonja is a scholarship holder of the International Music Academy in Liechtenstein.<\/p>\n\n\n\n<p><\/p>\n\n\n\n<p><strong>Program<\/strong>:<\/p>\n\n\n\n<p>Karol Szymanowski (1882-1937)<br>Mazurkas op. 5<\/p>\n\n\n\n<p>Sergei Prokofiev (1891-1953)<br>Romeo and Juliet. Ten piano pieces op. 75\u00a0<\/p>\n\n\n\n<p>Robert Schumann (1810-1856) \u00a0 \u00a0 \u00a0 \u00a0 \u00a0 \u00a0 \u00a0 \u00a0 \u00a0 \u00a0 \u00a0 \u00a0<br>Piano Sonata No. 2 in G minor op. 22\u00a0<\/p>\n\n\n\n<p><\/p>\n\n\n\n<p>Photo: \u00a9 Anna Tena<\/p>\n\n\n\n<p><\/p>\n\n\n\n<p><strong>Registration under: <span \n                data-original-string='9SsfDlldRajwjZCSwm4Xag==534cn39EQdPw8M58XtEDqmZJ3mcxgORZvBFNe+YbkYnMJ0='\n                class='apbct-email-encoder'\n                title='This contact has been encoded by Anti-Spam by CleanTalk. Click to decode. To finish the decoding make sure that JavaScript is enabled in your browser.'>s.<span class=\"apbct-blur\">******<\/span>@<span class=\"apbct-blur\">*******<\/span>in.de<\/span><\/strong><br>Limited seating capacity: 70 people<br>Free admission<\/p>\n\n\n\n<p><\/p>","protected":false},"author":12,"featured_media":5991,"template":"","category_news":[105],"newstag":[],"class_list":["post-5084","news","type-news","status-publish","has-post-thumbnail","hentry","category_news-event"],"yoast_head":"<!-- This site is optimized with the Yoast SEO plugin v27.5 - https:\/\/yoast.com\/product\/yoast-seo-wordpress\/ -->\n<title>Aktuelles rund ums LIVING BERLIN<\/title>\n<meta name=\"description\" content=\"Erfahren Sie die neuesten Nachrichten und Events rund ums LIVING BERLIN. Bleiben Sie informiert \u00fcber aktuelle Trends, Angebote und Highlights.\" \/>\n<meta name=\"robots\" content=\"index, follow, max-snippet:-1, max-image-preview:large, max-video-preview:-1\" \/>\n<link rel=\"canonical\" href=\"https:\/\/www.living-berlin.com\/en\/news\/bechstein-young-professionals-03-april-2025-1930-hrs-sonja-kowollik\/\" \/>\n<meta property=\"og:locale\" content=\"en_US\" \/>\n<meta property=\"og:type\" content=\"article\" \/>\n<meta property=\"og:title\" content=\"Aktuelles rund ums LIVING BERLIN\" \/>\n<meta property=\"og:description\" content=\"Erfahren Sie die neuesten Nachrichten und Events rund ums LIVING BERLIN. Bleiben Sie informiert \u00fcber aktuelle Trends, Angebote und Highlights.\" \/>\n<meta property=\"og:url\" content=\"https:\/\/www.living-berlin.com\/en\/news\/bechstein-young-professionals-03-april-2025-1930-hrs-sonja-kowollik\/\" \/>\n<meta property=\"og:site_name\" content=\"LIVING BERLIN\" \/>\n<meta property=\"article:publisher\" content=\"https:\/\/www.facebook.com\/Living-Berlin-100916505475436\" \/>\n<meta property=\"article:modified_time\" content=\"2025-09-02T08:16:41+00:00\" \/>\n<meta property=\"og:image\" content=\"https:\/\/www.living-berlin.com\/wp-content\/uploads\/2025-04-03-vorschaubild-newsbeitrag-Bechstein-Young-Professionals-Sonja-Kowollik-1.png\" \/>\n\t<meta property=\"og:image:width\" content=\"1200\" \/>\n\t<meta property=\"og:image:height\" content=\"675\" \/>\n\t<meta property=\"og:image:type\" content=\"image\/png\" \/>\n<meta name=\"twitter:card\" content=\"summary_large_image\" \/>\n<meta name=\"twitter:label1\" content=\"Est. reading time\" \/>\n\t<meta name=\"twitter:data1\" content=\"3 minutes\" \/>\n<script type=\"application\/ld+json\" class=\"yoast-schema-graph\">{\"@context\":\"https:\\\/\\\/schema.org\",\"@graph\":[{\"@type\":\"WebPage\",\"@id\":\"https:\\\/\\\/www.living-berlin.com\\\/news\\\/bechstein-young-professionals-03-april-2025-1930-uhr-sonja-kowollik\\\/\",\"url\":\"https:\\\/\\\/www.living-berlin.com\\\/news\\\/bechstein-young-professionals-03-april-2025-1930-uhr-sonja-kowollik\\\/\",\"name\":\"Aktuelles rund ums LIVING BERLIN\",\"isPartOf\":{\"@id\":\"https:\\\/\\\/www.living-berlin.com\\\/#website\"},\"primaryImageOfPage\":{\"@id\":\"https:\\\/\\\/www.living-berlin.com\\\/news\\\/bechstein-young-professionals-03-april-2025-1930-uhr-sonja-kowollik\\\/#primaryimage\"},\"image\":{\"@id\":\"https:\\\/\\\/www.living-berlin.com\\\/news\\\/bechstein-young-professionals-03-april-2025-1930-uhr-sonja-kowollik\\\/#primaryimage\"},\"thumbnailUrl\":\"https:\\\/\\\/www.living-berlin.com\\\/wp-content\\\/uploads\\\/2025-04-03-vorschaubild-newsbeitrag-Bechstein-Young-Professionals-Sonja-Kowollik-1.png\",\"datePublished\":\"2025-03-27T18:07:03+00:00\",\"dateModified\":\"2025-09-02T08:16:41+00:00\",\"description\":\"Erfahren Sie die neuesten Nachrichten und Events rund ums LIVING BERLIN. Bleiben Sie informiert \u00fcber aktuelle Trends, Angebote und Highlights.\",\"breadcrumb\":{\"@id\":\"https:\\\/\\\/www.living-berlin.com\\\/news\\\/bechstein-young-professionals-03-april-2025-1930-uhr-sonja-kowollik\\\/#breadcrumb\"},\"inLanguage\":\"en-US\",\"potentialAction\":[{\"@type\":\"ReadAction\",\"target\":[\"https:\\\/\\\/www.living-berlin.com\\\/news\\\/bechstein-young-professionals-03-april-2025-1930-uhr-sonja-kowollik\\\/\"]}]},{\"@type\":\"ImageObject\",\"inLanguage\":\"en-US\",\"@id\":\"https:\\\/\\\/www.living-berlin.com\\\/news\\\/bechstein-young-professionals-03-april-2025-1930-uhr-sonja-kowollik\\\/#primaryimage\",\"url\":\"https:\\\/\\\/www.living-berlin.com\\\/wp-content\\\/uploads\\\/2025-04-03-vorschaubild-newsbeitrag-Bechstein-Young-Professionals-Sonja-Kowollik-1.png\",\"contentUrl\":\"https:\\\/\\\/www.living-berlin.com\\\/wp-content\\\/uploads\\\/2025-04-03-vorschaubild-newsbeitrag-Bechstein-Young-Professionals-Sonja-Kowollik-1.png\",\"width\":1200,\"height\":675,\"caption\":\"2025 04 03 vorschaubild newsbeitrag Bechstein Young Professionals Sonja Kowollik 1\"},{\"@type\":\"BreadcrumbList\",\"@id\":\"https:\\\/\\\/www.living-berlin.com\\\/news\\\/bechstein-young-professionals-03-april-2025-1930-uhr-sonja-kowollik\\\/#breadcrumb\",\"itemListElement\":[{\"@type\":\"ListItem\",\"position\":1,\"name\":\"Home\",\"item\":\"https:\\\/\\\/www.living-berlin.com\\\/\"},{\"@type\":\"ListItem\",\"position\":2,\"name\":\"Bechstein Young Professionals &#8211; 03. April 2025, 19:30 Uhr: Sonja Kowollik\"}]},{\"@type\":\"WebSite\",\"@id\":\"https:\\\/\\\/www.living-berlin.com\\\/#website\",\"url\":\"https:\\\/\\\/www.living-berlin.com\\\/\",\"name\":\"LIVING BERLIN\",\"description\":\"HOME OF INTERIOR DREAMS\",\"publisher\":{\"@id\":\"https:\\\/\\\/www.living-berlin.com\\\/#organization\"},\"alternateName\":\"Living Berlin\",\"potentialAction\":[{\"@type\":\"SearchAction\",\"target\":{\"@type\":\"EntryPoint\",\"urlTemplate\":\"https:\\\/\\\/www.living-berlin.com\\\/?s={search_term_string}\"},\"query-input\":{\"@type\":\"PropertyValueSpecification\",\"valueRequired\":true,\"valueName\":\"search_term_string\"}}],\"inLanguage\":\"en-US\"},{\"@type\":\"Organization\",\"@id\":\"https:\\\/\\\/www.living-berlin.com\\\/#organization\",\"name\":\"LIVING BERLIN\",\"alternateName\":[\"LIVING BERLIN\",\"Living Berlin\",\"Living Berlin - Home of Interior Dreams\",\"LIVING BERLIN \u2013 25 YEARS HOME OF INTERIOR DREAMS\"],\"url\":\"https:\\\/\\\/www.living-berlin.com\\\/\",\"logo\":{\"@type\":\"ImageObject\",\"inLanguage\":\"en-US\",\"@id\":\"https:\\\/\\\/www.living-berlin.com\\\/#\\\/schema\\\/logo\\\/image\\\/\",\"url\":\"https:\\\/\\\/www.living-berlin.com\\\/wp-content\\\/uploads\\\/logo_alt.svg\",\"contentUrl\":\"https:\\\/\\\/www.living-berlin.com\\\/wp-content\\\/uploads\\\/logo_alt.svg\",\"width\":83,\"height\":84,\"caption\":\"LIVING BERLIN\"},\"image\":{\"@id\":\"https:\\\/\\\/www.living-berlin.com\\\/#\\\/schema\\\/logo\\\/image\\\/\"},\"sameAs\":[\"https:\\\/\\\/www.facebook.com\\\/Living-Berlin-100916505475436\",\"https:\\\/\\\/www.instagram.com\\\/livingberlincom\\\/\",\"https:\\\/\\\/www.pinterest.co.uk\\\/LivingBerlin\\\/\",\"https:\\\/\\\/www.linkedin.com\\\/company\\\/living-berlin\\\/\"]}]}<\/script>\n<!-- \/ Yoast SEO plugin. -->","yoast_head_json":{"title":"News about LIVING BERLIN","description":"Get the latest news and events about LIVING BERLIN and stay informed about current trends, offers and highlights.","robots":{"index":"index","follow":"follow","max-snippet":"max-snippet:-1","max-image-preview":"max-image-preview:large","max-video-preview":"max-video-preview:-1"},"canonical":"https:\/\/www.living-berlin.com\/en\/news\/bechstein-young-professionals-03-april-2025-1930-hrs-sonja-kowollik\/","og_locale":"en_US","og_type":"article","og_title":"Aktuelles rund ums LIVING BERLIN","og_description":"Erfahren Sie die neuesten Nachrichten und Events rund ums LIVING BERLIN. Bleiben Sie informiert \u00fcber aktuelle Trends, Angebote und Highlights.","og_url":"https:\/\/www.living-berlin.com\/en\/news\/bechstein-young-professionals-03-april-2025-1930-hrs-sonja-kowollik\/","og_site_name":"LIVING BERLIN","article_publisher":"https:\/\/www.facebook.com\/Living-Berlin-100916505475436","article_modified_time":"2025-09-02T08:16:41+00:00","og_image":[{"width":1200,"height":675,"url":"https:\/\/www.living-berlin.com\/wp-content\/uploads\/2025-04-03-vorschaubild-newsbeitrag-Bechstein-Young-Professionals-Sonja-Kowollik-1.png","type":"image\/png"}],"twitter_card":"summary_large_image","twitter_misc":{"Est. reading time":"3 minutes"},"schema":{"@context":"https:\/\/schema.org","@graph":[{"@type":"WebPage","@id":"https:\/\/www.living-berlin.com\/news\/bechstein-young-professionals-03-april-2025-1930-uhr-sonja-kowollik\/","url":"https:\/\/www.living-berlin.com\/news\/bechstein-young-professionals-03-april-2025-1930-uhr-sonja-kowollik\/","name":"News about LIVING BERLIN","isPartOf":{"@id":"https:\/\/www.living-berlin.com\/#website"},"primaryImageOfPage":{"@id":"https:\/\/www.living-berlin.com\/news\/bechstein-young-professionals-03-april-2025-1930-uhr-sonja-kowollik\/#primaryimage"},"image":{"@id":"https:\/\/www.living-berlin.com\/news\/bechstein-young-professionals-03-april-2025-1930-uhr-sonja-kowollik\/#primaryimage"},"thumbnailUrl":"https:\/\/www.living-berlin.com\/wp-content\/uploads\/2025-04-03-vorschaubild-newsbeitrag-Bechstein-Young-Professionals-Sonja-Kowollik-1.png","datePublished":"2025-03-27T18:07:03+00:00","dateModified":"2025-09-02T08:16:41+00:00","description":"Get the latest news and events about LIVING BERLIN and stay informed about current trends, offers and highlights.","breadcrumb":{"@id":"https:\/\/www.living-berlin.com\/news\/bechstein-young-professionals-03-april-2025-1930-uhr-sonja-kowollik\/#breadcrumb"},"inLanguage":"en-US","potentialAction":[{"@type":"ReadAction","target":["https:\/\/www.living-berlin.com\/news\/bechstein-young-professionals-03-april-2025-1930-uhr-sonja-kowollik\/"]}]},{"@type":"ImageObject","inLanguage":"en-US","@id":"https:\/\/www.living-berlin.com\/news\/bechstein-young-professionals-03-april-2025-1930-uhr-sonja-kowollik\/#primaryimage","url":"https:\/\/www.living-berlin.com\/wp-content\/uploads\/2025-04-03-vorschaubild-newsbeitrag-Bechstein-Young-Professionals-Sonja-Kowollik-1.png","contentUrl":"https:\/\/www.living-berlin.com\/wp-content\/uploads\/2025-04-03-vorschaubild-newsbeitrag-Bechstein-Young-Professionals-Sonja-Kowollik-1.png","width":1200,"height":675,"caption":"2025 04 03 vorschaubild newsbeitrag Bechstein Young Professionals Sonja Kowollik 1"},{"@type":"BreadcrumbList","@id":"https:\/\/www.living-berlin.com\/news\/bechstein-young-professionals-03-april-2025-1930-uhr-sonja-kowollik\/#breadcrumb","itemListElement":[{"@type":"ListItem","position":1,"name":"Home","item":"https:\/\/www.living-berlin.com\/"},{"@type":"ListItem","position":2,"name":"Bechstein Young Professionals &#8211; 03. April 2025, 19:30 Uhr: Sonja Kowollik"}]},{"@type":"WebSite","@id":"https:\/\/www.living-berlin.com\/#website","url":"https:\/\/www.living-berlin.com\/","name":"LIVING BERLIN","description":"HOME OF INTERIOR DREAMS","publisher":{"@id":"https:\/\/www.living-berlin.com\/#organization"},"alternateName":"Living Berlin","potentialAction":[{"@type":"SearchAction","target":{"@type":"EntryPoint","urlTemplate":"https:\/\/www.living-berlin.com\/?s={search_term_string}"},"query-input":{"@type":"PropertyValueSpecification","valueRequired":true,"valueName":"search_term_string"}}],"inLanguage":"en-US"},{"@type":"Organization","@id":"https:\/\/www.living-berlin.com\/#organization","name":"LIVING BERLIN","alternateName":["LIVING BERLIN","Living Berlin","Living Berlin - Home of Interior Dreams","LIVING BERLIN \u2013 25 YEARS HOME OF INTERIOR DREAMS"],"url":"https:\/\/www.living-berlin.com\/","logo":{"@type":"ImageObject","inLanguage":"en-US","@id":"https:\/\/www.living-berlin.com\/#\/schema\/logo\/image\/","url":"https:\/\/www.living-berlin.com\/wp-content\/uploads\/logo_alt.svg","contentUrl":"https:\/\/www.living-berlin.com\/wp-content\/uploads\/logo_alt.svg","width":83,"height":84,"caption":"LIVING BERLIN"},"image":{"@id":"https:\/\/www.living-berlin.com\/#\/schema\/logo\/image\/"},"sameAs":["https:\/\/www.facebook.com\/Living-Berlin-100916505475436","https:\/\/www.instagram.com\/livingberlincom\/","https:\/\/www.pinterest.co.uk\/LivingBerlin\/","https:\/\/www.linkedin.com\/company\/living-berlin\/"]}]}},"acf":[],"_links":{"self":[{"href":"https:\/\/www.living-berlin.com\/en\/wp-json\/wp\/v2\/news\/5084","targetHints":{"allow":["GET"]}}],"collection":[{"href":"https:\/\/www.living-berlin.com\/en\/wp-json\/wp\/v2\/news"}],"about":[{"href":"https:\/\/www.living-berlin.com\/en\/wp-json\/wp\/v2\/types\/news"}],"author":[{"embeddable":true,"href":"https:\/\/www.living-berlin.com\/en\/wp-json\/wp\/v2\/users\/12"}],"wp:featuredmedia":[{"embeddable":true,"href":"https:\/\/www.living-berlin.com\/en\/wp-json\/wp\/v2\/media\/5991"}],"wp:attachment":[{"href":"https:\/\/www.living-berlin.com\/en\/wp-json\/wp\/v2\/media?parent=5084"}],"wp:term":[{"taxonomy":"category_news","embeddable":true,"href":"https:\/\/www.living-berlin.com\/en\/wp-json\/wp\/v2\/category_news?post=5084"},{"taxonomy":"newstag","embeddable":true,"href":"https:\/\/www.living-berlin.com\/en\/wp-json\/wp\/v2\/newstag?post=5084"}],"curies":[{"name":"wp","href":"https:\/\/api.w.org\/{rel}","templated":true}]}}