{"id":6600,"date":"2026-02-26T09:38:00","date_gmt":"2026-02-26T08:38:00","guid":{"rendered":"https:\/\/www.living-berlin.com\/?post_type=news&#038;p=6600"},"modified":"2026-03-03T17:21:20","modified_gmt":"2026-03-03T16:21:20","slug":"bubbles-beats-am-27-februar-2026-gespraech-mit-zeev-rosenberg-general-manager-das-stue","status":"publish","type":"news","link":"https:\/\/www.living-berlin.com\/en\/news\/bubbles-beats-am-27-februar-2026-gespraech-mit-zeev-rosenberg-general-manager-das-stue\/","title":{"rendered":"BUBBLES &amp; BEATS am 27. Februar 2026: Gespr\u00e4ch mit Ze\u00e8v Rosenberg, General Manager Das Stue"},"content":{"rendered":"<p>With <strong>BUBBLES &amp; BEATS<\/strong> l\u00e4dt <strong>LIVING BERLIN<\/strong> erneut zu einem Abend ein, der Design-, Hospitality- und Stadtgeschehen zusammenf\u00fchrt \u2013 in entspannter After-Work-Atmosph\u00e4re.<\/p>\n\n\n\n<p>On <strong>27. Februar 2026<\/strong> ist <strong>Ze\u00e8v Rosenberg<\/strong>, General Manager des Hotels <strong>Das Stue<\/strong>, zu Gast bei Stephanie Salziger. Ze\u00e8v Rosenberg geh\u00f6rt zu den pr\u00e4genden Pers\u00f6nlichkeiten der internationalen Hotellerie und steht f\u00fcr eine weltoffene Interpretation urbaner Gastlichkeit, in der Atmosph\u00e4re, Service und st\u00e4dtische Identit\u00e4t im Mittelpunkt stehen. In dem Gespr\u00e4ch r\u00fccken aktuelle Entwicklungen in der Hotellerie ebenso in den Fokus wie die Rolle eines Stadthotels als Ort f\u00fcr Begegnung, Kultur und Austausch.<\/p>\n\n\n\n<p><strong>Das Stue<\/strong> selbst gilt als eine der herausragenden Adressen Berlins. Gelegen im diplomatischen Viertel am Rande des Tiergarten-Parks und unweit des Zoologischen Gartens, vereint das 5-Sterne-Hotel historisch gewachsene Architektur mit zeitgem\u00e4\u00dfem Interieur und einem klar konzipierten Raumgef\u00fchl. In dem Haus aus den 1930er-Jahren, das urspr\u00fcnglich als d\u00e4nische Botschaft erbaut wurde, schaffen elegante Zimmer und Suiten mit Blick auf Tiergarten oder Zoo ein besonderes Ambiente.<\/p>\n\n\n\n<p>Kulinarisch bietet das Hotel mediterran gepr\u00e4gte Restaurant- und Barkonzepte sowie R\u00fcckzugsorte wie Spa- und Poolbereich f\u00fcr Ruhe und Regeneration. Innenr\u00e4ume und \u00f6ffentliche Bereiche reflektieren Kunst, Design und sorgf\u00e4ltig ausgew\u00e4hlte M\u00f6belklassiker.<\/p>\n\n\n\n<p>Wie immer bei <strong>BUBBLES &amp; BEATS<\/strong> verbindet sich inhaltliche Substanz mit einer Atmosph\u00e4re, in der Gespr\u00e4che und Begegnungen Raum finden. Begleitet wird der Abend von einem Glas Bubbles und einem Soundtrack, der den \u00dcbergang vom Arbeitstag in den Abend unterst\u00fctzt.<\/p>\n\n\n\n<p><strong>BUBBLES &amp; BEATS<\/strong><br><strong>mit Ze\u00e8v Rosenberg, General Manager Das Stue<\/strong> <strong>im Gespr\u00e4ch mit Stephanie Salziger, Center Managerin LIVING BERLIN<\/strong><br>Datum: Freitag, 27. Februar 2026<br>Uhrzeit: 17\u201319 Uhr<br>Location: LIVING BERLIN, Kantstra\u00dfe 17, 10623 Berlin<\/p>\n\n\n\n<p><\/p>","protected":false},"author":16,"featured_media":6598,"template":"","category_news":[105],"newstag":[124,137,126],"class_list":["post-6600","news","type-news","status-publish","has-post-thumbnail","hentry","category_news-event","newstag-bubbles-beats","newstag-das-stue","newstag-living-berlin"],"yoast_head":"<!-- This site is optimized with the Yoast SEO plugin v27.5 - https:\/\/yoast.com\/product\/yoast-seo-wordpress\/ -->\n<title>BUBBLES &amp; BEATS am 27. Februar 2026 mit Ze\u00e8v Rosenberg, General Manager Das Stue<\/title>\n<meta name=\"description\" content=\"Am 27. Februar 2026 ist Ze\u00e8v Rosenberg, General Manager des Hotels Das Stue, zu Gast bei Stephanie Salziger. Ze\u00e8v Rosenberg geh\u00f6rt zu den pr\u00e4genden Pers\u00f6nlichkeiten der internationalen Hotellerie und steht f\u00fcr eine weltoffene Interpretation urbaner Gastlichkeit, in der Atmosph\u00e4re, Service und st\u00e4dtische Identit\u00e4t im Mittelpunkt stehen. In dem Gespr\u00e4ch r\u00fccken aktuelle Entwicklungen in der Hotellerie ebenso in den Fokus wie die Rolle eines Stadthotels als Ort f\u00fcr Begegnung, Kultur und Austausch.\" \/>\n<meta name=\"robots\" content=\"index, follow, max-snippet:-1, max-image-preview:large, max-video-preview:-1\" \/>\n<link rel=\"canonical\" href=\"https:\/\/www.living-berlin.com\/en\/news\/bubbles-beats-am-27-februar-2026-gespraech-mit-zeev-rosenberg-general-manager-das-stue\/\" \/>\n<meta property=\"og:locale\" content=\"en_US\" \/>\n<meta property=\"og:type\" content=\"article\" \/>\n<meta property=\"og:title\" content=\"BUBBLES &amp; BEATS am 27. Februar 2026 mit Ze\u00e8v Rosenberg, General Manager Das Stue\" \/>\n<meta property=\"og:description\" content=\"Am 27. Februar 2026 ist Ze\u00e8v Rosenberg, General Manager des Hotels Das Stue, zu Gast bei Stephanie Salziger. Ze\u00e8v Rosenberg geh\u00f6rt zu den pr\u00e4genden Pers\u00f6nlichkeiten der internationalen Hotellerie und steht f\u00fcr eine weltoffene Interpretation urbaner Gastlichkeit, in der Atmosph\u00e4re, Service und st\u00e4dtische Identit\u00e4t im Mittelpunkt stehen. In dem Gespr\u00e4ch r\u00fccken aktuelle Entwicklungen in der Hotellerie ebenso in den Fokus wie die Rolle eines Stadthotels als Ort f\u00fcr Begegnung, Kultur und Austausch.\" \/>\n<meta property=\"og:url\" content=\"https:\/\/www.living-berlin.com\/en\/news\/bubbles-beats-am-27-februar-2026-gespraech-mit-zeev-rosenberg-general-manager-das-stue\/\" \/>\n<meta property=\"og:site_name\" content=\"LIVING BERLIN\" \/>\n<meta property=\"article:publisher\" content=\"https:\/\/www.facebook.com\/Living-Berlin-100916505475436\" \/>\n<meta property=\"article:modified_time\" content=\"2026-03-03T16:21:20+00:00\" \/>\n<meta property=\"og:image\" content=\"https:\/\/www.living-berlin.com\/wp-content\/uploads\/BubblesBeats-das-Stue-WEBNEU.png\" \/>\n\t<meta property=\"og:image:width\" content=\"1200\" \/>\n\t<meta property=\"og:image:height\" content=\"675\" \/>\n\t<meta property=\"og:image:type\" content=\"image\/png\" \/>\n<meta name=\"twitter:card\" content=\"summary_large_image\" \/>\n<meta name=\"twitter:label1\" content=\"Est. reading time\" \/>\n\t<meta name=\"twitter:data1\" content=\"2 minutes\" \/>\n<script type=\"application\/ld+json\" class=\"yoast-schema-graph\">{\"@context\":\"https:\\\/\\\/schema.org\",\"@graph\":[{\"@type\":\"WebPage\",\"@id\":\"https:\\\/\\\/www.living-berlin.com\\\/news\\\/bubbles-beats-am-27-februar-2026-gespraech-mit-zeev-rosenberg-general-manager-das-stue\\\/\",\"url\":\"https:\\\/\\\/www.living-berlin.com\\\/news\\\/bubbles-beats-am-27-februar-2026-gespraech-mit-zeev-rosenberg-general-manager-das-stue\\\/\",\"name\":\"BUBBLES & BEATS am 27. Februar 2026 mit Ze\u00e8v Rosenberg, General Manager Das Stue\",\"isPartOf\":{\"@id\":\"https:\\\/\\\/www.living-berlin.com\\\/#website\"},\"primaryImageOfPage\":{\"@id\":\"https:\\\/\\\/www.living-berlin.com\\\/news\\\/bubbles-beats-am-27-februar-2026-gespraech-mit-zeev-rosenberg-general-manager-das-stue\\\/#primaryimage\"},\"image\":{\"@id\":\"https:\\\/\\\/www.living-berlin.com\\\/news\\\/bubbles-beats-am-27-februar-2026-gespraech-mit-zeev-rosenberg-general-manager-das-stue\\\/#primaryimage\"},\"thumbnailUrl\":\"https:\\\/\\\/www.living-berlin.com\\\/wp-content\\\/uploads\\\/BubblesBeats-das-Stue-WEBNEU.png\",\"datePublished\":\"2026-02-26T08:38:00+00:00\",\"dateModified\":\"2026-03-03T16:21:20+00:00\",\"description\":\"Am 27. Februar 2026 ist Ze\u00e8v Rosenberg, General Manager des Hotels Das Stue, zu Gast bei Stephanie Salziger. Ze\u00e8v Rosenberg geh\u00f6rt zu den pr\u00e4genden Pers\u00f6nlichkeiten der internationalen Hotellerie und steht f\u00fcr eine weltoffene Interpretation urbaner Gastlichkeit, in der Atmosph\u00e4re, Service und st\u00e4dtische Identit\u00e4t im Mittelpunkt stehen. In dem Gespr\u00e4ch r\u00fccken aktuelle Entwicklungen in der Hotellerie ebenso in den Fokus wie die Rolle eines Stadthotels als Ort f\u00fcr Begegnung, Kultur und Austausch.\",\"breadcrumb\":{\"@id\":\"https:\\\/\\\/www.living-berlin.com\\\/news\\\/bubbles-beats-am-27-februar-2026-gespraech-mit-zeev-rosenberg-general-manager-das-stue\\\/#breadcrumb\"},\"inLanguage\":\"en-US\",\"potentialAction\":[{\"@type\":\"ReadAction\",\"target\":[\"https:\\\/\\\/www.living-berlin.com\\\/news\\\/bubbles-beats-am-27-februar-2026-gespraech-mit-zeev-rosenberg-general-manager-das-stue\\\/\"]}]},{\"@type\":\"ImageObject\",\"inLanguage\":\"en-US\",\"@id\":\"https:\\\/\\\/www.living-berlin.com\\\/news\\\/bubbles-beats-am-27-februar-2026-gespraech-mit-zeev-rosenberg-general-manager-das-stue\\\/#primaryimage\",\"url\":\"https:\\\/\\\/www.living-berlin.com\\\/wp-content\\\/uploads\\\/BubblesBeats-das-Stue-WEBNEU.png\",\"contentUrl\":\"https:\\\/\\\/www.living-berlin.com\\\/wp-content\\\/uploads\\\/BubblesBeats-das-Stue-WEBNEU.png\",\"width\":1200,\"height\":675,\"caption\":\"Bubbles&Beats Ze\u00e9v Rosenberg\"},{\"@type\":\"BreadcrumbList\",\"@id\":\"https:\\\/\\\/www.living-berlin.com\\\/news\\\/bubbles-beats-am-27-februar-2026-gespraech-mit-zeev-rosenberg-general-manager-das-stue\\\/#breadcrumb\",\"itemListElement\":[{\"@type\":\"ListItem\",\"position\":1,\"name\":\"Home\",\"item\":\"https:\\\/\\\/www.living-berlin.com\\\/\"},{\"@type\":\"ListItem\",\"position\":2,\"name\":\"BUBBLES &amp; BEATS am 27. Februar 2026: Gespr\u00e4ch mit Ze\u00e8v Rosenberg, General Manager Das Stue\"}]},{\"@type\":\"WebSite\",\"@id\":\"https:\\\/\\\/www.living-berlin.com\\\/#website\",\"url\":\"https:\\\/\\\/www.living-berlin.com\\\/\",\"name\":\"LIVING BERLIN\",\"description\":\"HOME OF INTERIOR DREAMS\",\"publisher\":{\"@id\":\"https:\\\/\\\/www.living-berlin.com\\\/#organization\"},\"alternateName\":\"Living Berlin\",\"potentialAction\":[{\"@type\":\"SearchAction\",\"target\":{\"@type\":\"EntryPoint\",\"urlTemplate\":\"https:\\\/\\\/www.living-berlin.com\\\/?s={search_term_string}\"},\"query-input\":{\"@type\":\"PropertyValueSpecification\",\"valueRequired\":true,\"valueName\":\"search_term_string\"}}],\"inLanguage\":\"en-US\"},{\"@type\":\"Organization\",\"@id\":\"https:\\\/\\\/www.living-berlin.com\\\/#organization\",\"name\":\"LIVING BERLIN\",\"alternateName\":[\"LIVING BERLIN\",\"Living Berlin\",\"Living Berlin - Home of Interior Dreams\",\"LIVING BERLIN \u2013 25 YEARS HOME OF INTERIOR DREAMS\"],\"url\":\"https:\\\/\\\/www.living-berlin.com\\\/\",\"logo\":{\"@type\":\"ImageObject\",\"inLanguage\":\"en-US\",\"@id\":\"https:\\\/\\\/www.living-berlin.com\\\/#\\\/schema\\\/logo\\\/image\\\/\",\"url\":\"https:\\\/\\\/www.living-berlin.com\\\/wp-content\\\/uploads\\\/logo_alt.svg\",\"contentUrl\":\"https:\\\/\\\/www.living-berlin.com\\\/wp-content\\\/uploads\\\/logo_alt.svg\",\"width\":83,\"height\":84,\"caption\":\"LIVING BERLIN\"},\"image\":{\"@id\":\"https:\\\/\\\/www.living-berlin.com\\\/#\\\/schema\\\/logo\\\/image\\\/\"},\"sameAs\":[\"https:\\\/\\\/www.facebook.com\\\/Living-Berlin-100916505475436\",\"https:\\\/\\\/www.instagram.com\\\/livingberlincom\\\/\",\"https:\\\/\\\/www.pinterest.co.uk\\\/LivingBerlin\\\/\",\"https:\\\/\\\/www.linkedin.com\\\/company\\\/living-berlin\\\/\"]}]}<\/script>\n<!-- \/ Yoast SEO plugin. -->","yoast_head_json":{"title":"BUBBLES & BEATS am 27. Februar 2026 mit Ze\u00e8v Rosenberg, General Manager Das Stue","description":"Am 27. Februar 2026 ist Ze\u00e8v Rosenberg, General Manager des Hotels Das Stue, zu Gast bei Stephanie Salziger. Ze\u00e8v Rosenberg geh\u00f6rt zu den pr\u00e4genden Pers\u00f6nlichkeiten der internationalen Hotellerie und steht f\u00fcr eine weltoffene Interpretation urbaner Gastlichkeit, in der Atmosph\u00e4re, Service und st\u00e4dtische Identit\u00e4t im Mittelpunkt stehen. In dem Gespr\u00e4ch r\u00fccken aktuelle Entwicklungen in der Hotellerie ebenso in den Fokus wie die Rolle eines Stadthotels als Ort f\u00fcr Begegnung, Kultur und Austausch.","robots":{"index":"index","follow":"follow","max-snippet":"max-snippet:-1","max-image-preview":"max-image-preview:large","max-video-preview":"max-video-preview:-1"},"canonical":"https:\/\/www.living-berlin.com\/en\/news\/bubbles-beats-am-27-februar-2026-gespraech-mit-zeev-rosenberg-general-manager-das-stue\/","og_locale":"en_US","og_type":"article","og_title":"BUBBLES & BEATS am 27. Februar 2026 mit Ze\u00e8v Rosenberg, General Manager Das Stue","og_description":"Am 27. Februar 2026 ist Ze\u00e8v Rosenberg, General Manager des Hotels Das Stue, zu Gast bei Stephanie Salziger. Ze\u00e8v Rosenberg geh\u00f6rt zu den pr\u00e4genden Pers\u00f6nlichkeiten der internationalen Hotellerie und steht f\u00fcr eine weltoffene Interpretation urbaner Gastlichkeit, in der Atmosph\u00e4re, Service und st\u00e4dtische Identit\u00e4t im Mittelpunkt stehen. In dem Gespr\u00e4ch r\u00fccken aktuelle Entwicklungen in der Hotellerie ebenso in den Fokus wie die Rolle eines Stadthotels als Ort f\u00fcr Begegnung, Kultur und Austausch.","og_url":"https:\/\/www.living-berlin.com\/en\/news\/bubbles-beats-am-27-februar-2026-gespraech-mit-zeev-rosenberg-general-manager-das-stue\/","og_site_name":"LIVING BERLIN","article_publisher":"https:\/\/www.facebook.com\/Living-Berlin-100916505475436","article_modified_time":"2026-03-03T16:21:20+00:00","og_image":[{"width":1200,"height":675,"url":"https:\/\/www.living-berlin.com\/wp-content\/uploads\/BubblesBeats-das-Stue-WEBNEU.png","type":"image\/png"}],"twitter_card":"summary_large_image","twitter_misc":{"Est. reading time":"2 minutes"},"schema":{"@context":"https:\/\/schema.org","@graph":[{"@type":"WebPage","@id":"https:\/\/www.living-berlin.com\/news\/bubbles-beats-am-27-februar-2026-gespraech-mit-zeev-rosenberg-general-manager-das-stue\/","url":"https:\/\/www.living-berlin.com\/news\/bubbles-beats-am-27-februar-2026-gespraech-mit-zeev-rosenberg-general-manager-das-stue\/","name":"BUBBLES & BEATS am 27. Februar 2026 mit Ze\u00e8v Rosenberg, General Manager Das Stue","isPartOf":{"@id":"https:\/\/www.living-berlin.com\/#website"},"primaryImageOfPage":{"@id":"https:\/\/www.living-berlin.com\/news\/bubbles-beats-am-27-februar-2026-gespraech-mit-zeev-rosenberg-general-manager-das-stue\/#primaryimage"},"image":{"@id":"https:\/\/www.living-berlin.com\/news\/bubbles-beats-am-27-februar-2026-gespraech-mit-zeev-rosenberg-general-manager-das-stue\/#primaryimage"},"thumbnailUrl":"https:\/\/www.living-berlin.com\/wp-content\/uploads\/BubblesBeats-das-Stue-WEBNEU.png","datePublished":"2026-02-26T08:38:00+00:00","dateModified":"2026-03-03T16:21:20+00:00","description":"Am 27. Februar 2026 ist Ze\u00e8v Rosenberg, General Manager des Hotels Das Stue, zu Gast bei Stephanie Salziger. Ze\u00e8v Rosenberg geh\u00f6rt zu den pr\u00e4genden Pers\u00f6nlichkeiten der internationalen Hotellerie und steht f\u00fcr eine weltoffene Interpretation urbaner Gastlichkeit, in der Atmosph\u00e4re, Service und st\u00e4dtische Identit\u00e4t im Mittelpunkt stehen. In dem Gespr\u00e4ch r\u00fccken aktuelle Entwicklungen in der Hotellerie ebenso in den Fokus wie die Rolle eines Stadthotels als Ort f\u00fcr Begegnung, Kultur und Austausch.","breadcrumb":{"@id":"https:\/\/www.living-berlin.com\/news\/bubbles-beats-am-27-februar-2026-gespraech-mit-zeev-rosenberg-general-manager-das-stue\/#breadcrumb"},"inLanguage":"en-US","potentialAction":[{"@type":"ReadAction","target":["https:\/\/www.living-berlin.com\/news\/bubbles-beats-am-27-februar-2026-gespraech-mit-zeev-rosenberg-general-manager-das-stue\/"]}]},{"@type":"ImageObject","inLanguage":"en-US","@id":"https:\/\/www.living-berlin.com\/news\/bubbles-beats-am-27-februar-2026-gespraech-mit-zeev-rosenberg-general-manager-das-stue\/#primaryimage","url":"https:\/\/www.living-berlin.com\/wp-content\/uploads\/BubblesBeats-das-Stue-WEBNEU.png","contentUrl":"https:\/\/www.living-berlin.com\/wp-content\/uploads\/BubblesBeats-das-Stue-WEBNEU.png","width":1200,"height":675,"caption":"Bubbles&Beats Ze\u00e9v Rosenberg"},{"@type":"BreadcrumbList","@id":"https:\/\/www.living-berlin.com\/news\/bubbles-beats-am-27-februar-2026-gespraech-mit-zeev-rosenberg-general-manager-das-stue\/#breadcrumb","itemListElement":[{"@type":"ListItem","position":1,"name":"Home","item":"https:\/\/www.living-berlin.com\/"},{"@type":"ListItem","position":2,"name":"BUBBLES &amp; BEATS am 27. Februar 2026: Gespr\u00e4ch mit Ze\u00e8v Rosenberg, General Manager Das Stue"}]},{"@type":"WebSite","@id":"https:\/\/www.living-berlin.com\/#website","url":"https:\/\/www.living-berlin.com\/","name":"LIVING BERLIN","description":"HOME OF INTERIOR DREAMS","publisher":{"@id":"https:\/\/www.living-berlin.com\/#organization"},"alternateName":"Living Berlin","potentialAction":[{"@type":"SearchAction","target":{"@type":"EntryPoint","urlTemplate":"https:\/\/www.living-berlin.com\/?s={search_term_string}"},"query-input":{"@type":"PropertyValueSpecification","valueRequired":true,"valueName":"search_term_string"}}],"inLanguage":"en-US"},{"@type":"Organization","@id":"https:\/\/www.living-berlin.com\/#organization","name":"LIVING BERLIN","alternateName":["LIVING BERLIN","Living Berlin","Living Berlin - Home of Interior Dreams","LIVING BERLIN \u2013 25 YEARS HOME OF INTERIOR DREAMS"],"url":"https:\/\/www.living-berlin.com\/","logo":{"@type":"ImageObject","inLanguage":"en-US","@id":"https:\/\/www.living-berlin.com\/#\/schema\/logo\/image\/","url":"https:\/\/www.living-berlin.com\/wp-content\/uploads\/logo_alt.svg","contentUrl":"https:\/\/www.living-berlin.com\/wp-content\/uploads\/logo_alt.svg","width":83,"height":84,"caption":"LIVING BERLIN"},"image":{"@id":"https:\/\/www.living-berlin.com\/#\/schema\/logo\/image\/"},"sameAs":["https:\/\/www.facebook.com\/Living-Berlin-100916505475436","https:\/\/www.instagram.com\/livingberlincom\/","https:\/\/www.pinterest.co.uk\/LivingBerlin\/","https:\/\/www.linkedin.com\/company\/living-berlin\/"]}]}},"acf":[],"_links":{"self":[{"href":"https:\/\/www.living-berlin.com\/en\/wp-json\/wp\/v2\/news\/6600","targetHints":{"allow":["GET"]}}],"collection":[{"href":"https:\/\/www.living-berlin.com\/en\/wp-json\/wp\/v2\/news"}],"about":[{"href":"https:\/\/www.living-berlin.com\/en\/wp-json\/wp\/v2\/types\/news"}],"author":[{"embeddable":true,"href":"https:\/\/www.living-berlin.com\/en\/wp-json\/wp\/v2\/users\/16"}],"wp:featuredmedia":[{"embeddable":true,"href":"https:\/\/www.living-berlin.com\/en\/wp-json\/wp\/v2\/media\/6598"}],"wp:attachment":[{"href":"https:\/\/www.living-berlin.com\/en\/wp-json\/wp\/v2\/media?parent=6600"}],"wp:term":[{"taxonomy":"category_news","embeddable":true,"href":"https:\/\/www.living-berlin.com\/en\/wp-json\/wp\/v2\/category_news?post=6600"},{"taxonomy":"newstag","embeddable":true,"href":"https:\/\/www.living-berlin.com\/en\/wp-json\/wp\/v2\/newstag?post=6600"}],"curies":[{"name":"wp","href":"https:\/\/api.w.org\/{rel}","templated":true}]}}